{"id":116,"date":"2026-04-10T08:34:28","date_gmt":"2026-04-10T06:34:28","guid":{"rendered":"https:\/\/misspolska.pl\/?p=116"},"modified":"2026-04-10T08:42:01","modified_gmt":"2026-04-10T06:42:01","slug":"2009-miss-polska","status":"publish","type":"post","link":"https:\/\/misspolska.pl\/index.php\/2026\/04\/10\/2009-miss-polska\/","title":{"rendered":"2009 Miss Polska"},"content":{"rendered":"<div id=\"attachment_117\" style=\"width: 160px\" class=\"wp-caption alignleft\"><a href=\"https:\/\/misspolska.pl\/wp-content\/uploads\/2026\/04\/II-Wicemiss-Polska-2009.jpg\"><img loading=\"lazy\" decoding=\"async\" aria-describedby=\"caption-attachment-117\" class=\"size-thumbnail wp-image-117\" src=\"https:\/\/misspolska.pl\/wp-content\/uploads\/2026\/04\/II-Wicemiss-Polska-2009-150x150.jpg\" alt=\"II Wicemiss Polska 2009\" width=\"150\" height=\"150\" \/><\/a><p id=\"caption-attachment-117\" class=\"wp-caption-text\">II Wicemiss Polska 2009<\/p><\/div>\n<p><span style=\"font-family: arial, helvetica, sans-serif;\">Fina\u0142 konkursu 04 wrze\u015bnia 2009 roku Amfiteatr P\u0142ock<\/span><\/p>\n<p><strong><span style=\"font-family: arial, helvetica, sans-serif;\">Miss Polska 2009 Laureatka II Wicemiss Polska 2009<\/span><\/strong><\/p>\n<p><em><span style=\"font-family: arial, helvetica, sans-serif;\">autor zj\u0119cia Jerzy Szam<\/span><\/em><\/p>\n","protected":false},"excerpt":{"rendered":"<p>Fina\u0142 konkursu 04 wrze\u015bnia 2009 roku Amfiteatr P\u0142ock Miss Polska 2009 Laureatka II Wicemiss Polska 2009 autor zj\u0119cia Jerzy Szam<\/p>\n","protected":false},"author":1,"featured_media":16,"comment_status":"closed","ping_status":"closed","sticky":false,"template":"","format":"image","meta":{"footnotes":""},"categories":[2],"tags":[20],"class_list":["post-116","post","type-post","status-publish","format-image","has-post-thumbnail","hentry","category-polska","tag-20","post_format-post-format-image"],"_links":{"self":[{"href":"https:\/\/misspolska.pl\/index.php\/wp-json\/wp\/v2\/posts\/116","targetHints":{"allow":["GET"]}}],"collection":[{"href":"https:\/\/misspolska.pl\/index.php\/wp-json\/wp\/v2\/posts"}],"about":[{"href":"https:\/\/misspolska.pl\/index.php\/wp-json\/wp\/v2\/types\/post"}],"author":[{"embeddable":true,"href":"https:\/\/misspolska.pl\/index.php\/wp-json\/wp\/v2\/users\/1"}],"replies":[{"embeddable":true,"href":"https:\/\/misspolska.pl\/index.php\/wp-json\/wp\/v2\/comments?post=116"}],"version-history":[{"count":2,"href":"https:\/\/misspolska.pl\/index.php\/wp-json\/wp\/v2\/posts\/116\/revisions"}],"predecessor-version":[{"id":119,"href":"https:\/\/misspolska.pl\/index.php\/wp-json\/wp\/v2\/posts\/116\/revisions\/119"}],"wp:featuredmedia":[{"embeddable":true,"href":"https:\/\/misspolska.pl\/index.php\/wp-json\/wp\/v2\/media\/16"}],"wp:attachment":[{"href":"https:\/\/misspolska.pl\/index.php\/wp-json\/wp\/v2\/media?parent=116"}],"wp:term":[{"taxonomy":"category","embeddable":true,"href":"https:\/\/misspolska.pl\/index.php\/wp-json\/wp\/v2\/categories?post=116"},{"taxonomy":"post_tag","embeddable":true,"href":"https:\/\/misspolska.pl\/index.php\/wp-json\/wp\/v2\/tags?post=116"}],"curies":[{"name":"wp","href":"https:\/\/api.w.org\/{rel}","templated":true}]}}